{"id":278,"date":"2013-09-24T14:18:25","date_gmt":"2013-09-24T12:18:25","guid":{"rendered":"http:\/\/www.parkett-bodenpflege.de\/blog\/?p=278"},"modified":"2013-09-24T14:19:45","modified_gmt":"2013-09-24T12:19:45","slug":"berg-berg-parkett-perfektion-bis-ins-detail","status":"publish","type":"post","link":"http:\/\/www.parkett-bodenpflege.de\/blog\/berg-berg-parkett-perfektion-bis-ins-detail\/","title":{"rendered":"Berg &#038; Berg Parkett: Perfektion bis ins Detail"},"content":{"rendered":"<div id=\"attachment_279\" style=\"width: 810px\" class=\"wp-caption alignnone\"><a href=\"http:\/\/www.parkett-bodenpflege.de\/blog\/wp-content\/uploads\/2013\/09\/perfektion-im-detail-maserung-parkett.jpg\"><img loading=\"lazy\" decoding=\"async\" aria-describedby=\"caption-attachment-279\" class=\"size-full wp-image-279\" alt=\"Edle, langlebige Echtholzb\u00f6den gibt es von Berg und Berg\" src=\"http:\/\/www.parkett-bodenpflege.de\/blog\/wp-content\/uploads\/2013\/09\/perfektion-im-detail-maserung-parkett.jpg\" width=\"800\" height=\"533\" srcset=\"http:\/\/www.parkett-bodenpflege.de\/blog\/wp-content\/uploads\/2013\/09\/perfektion-im-detail-maserung-parkett.jpg 800w, http:\/\/www.parkett-bodenpflege.de\/blog\/wp-content\/uploads\/2013\/09\/perfektion-im-detail-maserung-parkett-300x199.jpg 300w, http:\/\/www.parkett-bodenpflege.de\/blog\/wp-content\/uploads\/2013\/09\/perfektion-im-detail-maserung-parkett-450x300.jpg 450w, http:\/\/www.parkett-bodenpflege.de\/blog\/wp-content\/uploads\/2013\/09\/perfektion-im-detail-maserung-parkett-120x80.jpg 120w\" sizes=\"auto, (max-width: 800px) 100vw, 800px\" \/><\/a><p id=\"caption-attachment-279\" class=\"wp-caption-text\">Edle, langlebige Echtholzb\u00f6den gibt es von Berg und Berg<\/p><\/div>\n<p>Berg und Berg ist eine schwedische Qualit\u00e4tsmarke f\u00fcr nachhaltige, hochwertige Parkettb\u00f6den. Im s\u00fcdschwedischen Kallinge fertigen \u00fcber 50 Mitarbeiter in einer Holzmanufaktur Holzb\u00f6den h\u00f6chster G\u00fcte. Diese Naturholzb\u00f6den k\u00f6nnen durch ihre besondere W\u00e4rme, Sch\u00f6nheit und Verbundenheit mit der Natur zu \u00fcberzeugen.<\/p>\n<h2>Die Philosophie von Berg &amp; Berg<\/h2>\n<div id=\"attachment_280\" style=\"width: 310px\" class=\"wp-caption alignright\"><a href=\"http:\/\/www.parkett-bodenpflege.de\/blog\/wp-content\/uploads\/2013\/09\/spielend-holz-pflegen-mit-faxe.jpg\"><img loading=\"lazy\" decoding=\"async\" aria-describedby=\"caption-attachment-280\" class=\"size-medium wp-image-280\" alt=\"Edles Holz will hochwertige Pflege: deshalb Faxe!\" src=\"http:\/\/www.parkett-bodenpflege.de\/blog\/wp-content\/uploads\/2013\/09\/spielend-holz-pflegen-mit-faxe-300x199.jpg\" width=\"300\" height=\"199\" srcset=\"http:\/\/www.parkett-bodenpflege.de\/blog\/wp-content\/uploads\/2013\/09\/spielend-holz-pflegen-mit-faxe-300x199.jpg 300w, http:\/\/www.parkett-bodenpflege.de\/blog\/wp-content\/uploads\/2013\/09\/spielend-holz-pflegen-mit-faxe-450x300.jpg 450w, http:\/\/www.parkett-bodenpflege.de\/blog\/wp-content\/uploads\/2013\/09\/spielend-holz-pflegen-mit-faxe-120x80.jpg 120w, http:\/\/www.parkett-bodenpflege.de\/blog\/wp-content\/uploads\/2013\/09\/spielend-holz-pflegen-mit-faxe.jpg 800w\" sizes=\"auto, (max-width: 300px) 100vw, 300px\" \/><\/a><p id=\"caption-attachment-280\" class=\"wp-caption-text\">Edles Holz will hochwertige Pflege: deshalb Faxe!<\/p><\/div>\n<p>Im Vordergrund stehen bei Berg &amp; Berg handwerkliche Sorgfalt und \u00f6kologische Nachhaltigkeit:<br \/>\nDie H\u00f6lzer sind aus fortschrittlicher Forstwirtschaft und d\u00fcrfen das FSC-Siegel tragen. Die Weiterverarbeitung erfolgt in S\u00fcdschweden unter Einhaltung hoher sozialer Standards. Am Ende steht ein Parkettboden, der \u00f6kologisch unbedenklich und gesundheitsvertr\u00e4glich ist: So tragen alle ge\u00f6lten Parkette das Nature Plus-Siegel.<br \/>\nBei Berg &amp; Berg kommt zusammen, was zusammen geh\u00f6rt &#8211; Qualit\u00e4t, soziale und \u00f6kologische Standards, Nachhaltigkeit. Das f\u00fchrt zu herausragenden Parkettfu\u00dfb\u00f6den.<\/p>\n<h2>Das Sortiment von Berg &amp; Berg<\/h2>\n<div id=\"attachment_281\" style=\"width: 209px\" class=\"wp-caption alignright\"><a href=\"http:\/\/www.parkett-bodenpflege.de\/blog\/wp-content\/uploads\/2013\/09\/verlegen-lohnt-fuer-schoenen-holzboden.jpg\"><img loading=\"lazy\" decoding=\"async\" aria-describedby=\"caption-attachment-281\" class=\"size-medium wp-image-281\" alt=\"Damit das Ergebnis stimmt: professionelles Verlegen durch einen Parkettleger\" src=\"http:\/\/www.parkett-bodenpflege.de\/blog\/wp-content\/uploads\/2013\/09\/verlegen-lohnt-fuer-schoenen-holzboden-199x300.jpg\" width=\"199\" height=\"300\" srcset=\"http:\/\/www.parkett-bodenpflege.de\/blog\/wp-content\/uploads\/2013\/09\/verlegen-lohnt-fuer-schoenen-holzboden-199x300.jpg 199w, http:\/\/www.parkett-bodenpflege.de\/blog\/wp-content\/uploads\/2013\/09\/verlegen-lohnt-fuer-schoenen-holzboden.jpg 533w\" sizes=\"auto, (max-width: 199px) 100vw, 199px\" \/><\/a><p id=\"caption-attachment-281\" class=\"wp-caption-text\">Damit das Ergebnis stimmt: professionelles Verlegen durch einen Parkettleger<\/p><\/div>\n<p>Die Kollektion von Berg &amp; Berg umfasst eine Vielfalt an 2- und 3-Schicht-Parketten.<\/p>\n<p>Die Zweischichtparkette m\u00fcssen verklebt werden und bieten gro\u00dfe Freiheiten hinsichtlich der Wohnraum-Gestaltung.<\/p>\n<p>Die 3schichtparkette sind aufgrund ihrer Konstruktionsweise ausgesprochen formstabil und von daher auch f\u00fcr Bodenheizungen geeignet. 3-Schicht-Parkette sind mit der patentierte Svedloc-Verbindung ausgestattet, die die Verlegung sehr einfach und dennoch ausgesprochen dauerhaft macht.<\/p>\n<p>Berg &amp; Berg Dreischicht-Parkette gibt es als 3-Stab-Schiffsboden-Parkett, 2-Stab-Dielen-Parkett und 1-Stab-Landhausdielen-Parkett. Schiffsboden ist das klassische Parkett. 2-Stab-Dielen-Parkett hat l\u00e4ngere und breitere St\u00e4be. Landhausdielen-Parkett weist eine typische Dielenoptik auf, da es eine gro\u00dfe, durchgehende Deckschicht besitzt.<\/p>\n<h2>Wo erh\u00e4lt man Parkettb\u00f6den von Berg &amp; Berg?<\/h2>\n<p>Der Fachh\u00e4ndler f\u00fcr Parkettb\u00f6den von Berg &amp; Berg in Deutschland ist die Bioraum GmbH. Dort steht ein Team von kompetenten Mitarbeitern per Email und telefonisch bereit, um Fragen und Probleme zu kl\u00e4ren.<\/p>\n<p>\u00dcber die Webseite <a href=\"http:\/\/www.bergundberg.com\/\" target=\"_blank\">bergundberg.com<\/a> kann man die Parkettb\u00f6den von Berg &amp; Berg beziehen.<\/p>\n<p>Die Pflegeprodukte von Faxe sind der ideale Partner f\u00fcr Berg &amp; Berg Parkett. Sie k\u00f6nnen unter <a href=\"http:\/\/www.faxeshop.de\/\" target=\"_blank\">faxeshop.de<\/a> bezogen werden.<\/p>\n","protected":false},"excerpt":{"rendered":"<p>Berg und Berg ist eine schwedische Qualit\u00e4tsmarke f\u00fcr nachhaltige, hochwertige Parkettb\u00f6den. Im s\u00fcdschwedischen Kallinge fertigen \u00fcber 50 Mitarbeiter in einer Holzmanufaktur Holzb\u00f6den h\u00f6chster G\u00fcte. Diese Naturholzb\u00f6den k\u00f6nnen durch ihre besondere W\u00e4rme, Sch\u00f6nheit und Verbundenheit mit der Natur zu \u00fcberzeugen.<br \/>\nDie Philosophie &hellip; <a href=\"http:\/\/www.parkett-bodenpflege.de\/blog\/berg-berg-parkett-perfektion-bis-ins-detail\/\">Weiterlesen <span class=\"meta-nav\">&rarr;<\/span><\/a><\/p>\n","protected":false},"author":1,"featured_media":0,"comment_status":"open","ping_status":"open","sticky":false,"template":"","format":"standard","meta":{"footnotes":""},"categories":[1,141,107],"tags":[147,149,148,142,102,146,144,155,114,150,154,152,156,153,143,113,151,145],"class_list":["post-278","post","type-post","status-publish","format-standard","hentry","category-allgemein","category-gute-parkettboeden-finden","category-produkthinweise","tag-2-schicht-parkett","tag-2-stab-dielenparkett","tag-3-stab-parkett","tag-berg-und-berg","tag-dielen","tag-dreischichtparkett","tag-fertigparkett","tag-fsc-siegel","tag-holzparkett","tag-landhausdielen","tag-nachhaltige-forstwirtschaft","tag-nachhaltigkeit","tag-natureplus-zertifiziert","tag-ohne-tropenholz","tag-parkett-aus-schweden","tag-parkettboden","tag-schweden","tag-svedloc"],"_links":{"self":[{"href":"http:\/\/www.parkett-bodenpflege.de\/blog\/wp-json\/wp\/v2\/posts\/278","targetHints":{"allow":["GET"]}}],"collection":[{"href":"http:\/\/www.parkett-bodenpflege.de\/blog\/wp-json\/wp\/v2\/posts"}],"about":[{"href":"http:\/\/www.parkett-bodenpflege.de\/blog\/wp-json\/wp\/v2\/types\/post"}],"author":[{"embeddable":true,"href":"http:\/\/www.parkett-bodenpflege.de\/blog\/wp-json\/wp\/v2\/users\/1"}],"replies":[{"embeddable":true,"href":"http:\/\/www.parkett-bodenpflege.de\/blog\/wp-json\/wp\/v2\/comments?post=278"}],"version-history":[{"count":2,"href":"http:\/\/www.parkett-bodenpflege.de\/blog\/wp-json\/wp\/v2\/posts\/278\/revisions"}],"predecessor-version":[{"id":283,"href":"http:\/\/www.parkett-bodenpflege.de\/blog\/wp-json\/wp\/v2\/posts\/278\/revisions\/283"}],"wp:attachment":[{"href":"http:\/\/www.parkett-bodenpflege.de\/blog\/wp-json\/wp\/v2\/media?parent=278"}],"wp:term":[{"taxonomy":"category","embeddable":true,"href":"http:\/\/www.parkett-bodenpflege.de\/blog\/wp-json\/wp\/v2\/categories?post=278"},{"taxonomy":"post_tag","embeddable":true,"href":"http:\/\/www.parkett-bodenpflege.de\/blog\/wp-json\/wp\/v2\/tags?post=278"}],"curies":[{"name":"wp","href":"https:\/\/api.w.org\/{rel}","templated":true}]}}